{"id":2343,"date":"2015-09-16T20:56:21","date_gmt":"2015-09-16T18:56:21","guid":{"rendered":"http:\/\/www.klasseschwenk.de\/?p=2343"},"modified":"2015-09-21T20:48:40","modified_gmt":"2015-09-21T18:48:40","slug":"3-x-klingeln-bei-lukas-gartiser","status":"publish","type":"post","link":"https:\/\/www.klasseschwenk.de\/?p=2343","title":{"rendered":"3 x Klingeln: Lukas Gartiser am S\u00f6mmeringsplatz"},"content":{"rendered":"<div class=\"text\">\n<p>Lukas Gartiser nimmt an der &#8222;kleinsten Biennale der Welt&#8220; in Mainz Teil.<img loading=\"lazy\" decoding=\"async\" class=\"alignleft size-full wp-image-2346\" src=\"https:\/\/www.klasseschwenk.de\/wp-content\/uploads\/2015\/09\/Screen-Shot-2015-09-16-at-20.58.04.png\" alt=\"Screen Shot 2015-09-16 at 20.58.04\" width=\"72\" height=\"121\" \/><\/p>\n<p>Er\u00f6ffnung: Freitag, 25. 9. 2015, 19 Uhr, in der Christuskirche Mainz<br \/>\nin Gegenwart der diesj\u00e4hrigen Schirmherrin, Staatsministerin Vera Rei\u00df.<\/p>\n<p>Anschlie\u00dfend um 20 Uhr Konzert &#8222;Cathedral&#8220; mit Vitold Rek (Bass), Peter Reiter (Kirchenorgel) und Miriam Ast (Saxofone und Gesang), Eintritt frei.<\/p>\n<\/div>\n<div class=\"text\">\n<p>Vom 25. bis 27. 9. 2015 findet sie wieder statt, die &#8222;kleinste Biennale der Welt&#8220;. Bildende K\u00fcnstler, Musiker, Performer und Autoren sind f\u00fcr ein Wochenende in private R\u00e4ume der Mainzer Neustadt und des Bleichenviertels eingeladen. Schauen Sie wieder herein oder nehmen Sie Kontakt auf:<\/p>\n<p>Mehr Infos unter\u00a0<a href=\"http:\/\/www.dreimalklingeln.de\/startseite\/aktuell.html\" target=\"_blank\">http:\/\/www.dreimalklingeln.de\/startseite\/aktuell.html<\/a><\/p>\n<p><a href=\"http:\/\/www.dreimalklingeln.de\/\/files\/3xklingeln-innen.pdf\" target=\"_blank\">Flyer<\/a><\/p>\n<p><a href=\"http:\/\/www.dreimalklingeln.de\/\/files\/3xklingeln-innen.pdf\" target=\"_blank\"><img loading=\"lazy\" decoding=\"async\" class=\" wp-image-2345 size-full alignleft\" src=\"https:\/\/www.klasseschwenk.de\/wp-content\/uploads\/2015\/09\/Screen-Shot-2015-09-16-at-20.57.49.png\" alt=\"Screen Shot 2015-09-16 at 20.57.49\" width=\"361\" height=\"187\" srcset=\"https:\/\/www.klasseschwenk.de\/wp-content\/uploads\/2015\/09\/Screen-Shot-2015-09-16-at-20.57.49.png 361w, https:\/\/www.klasseschwenk.de\/wp-content\/uploads\/2015\/09\/Screen-Shot-2015-09-16-at-20.57.49-300x155.png 300w\" sizes=\"auto, (max-width: 361px) 100vw, 361px\" \/><\/a><\/p>\n<\/div>\n","protected":false},"excerpt":{"rendered":"<p>Lukas Gartiser nimmt an der &#8222;kleinsten Biennale der Welt&#8220; in Mainz Teil. Er\u00f6ffnung: Freitag, 25. 9. 2015, 19 Uhr, in der Christuskirche Mainz in Gegenwart der diesj\u00e4hrigen Schirmherrin, Staatsministerin Vera Rei\u00df. Anschlie\u00dfend um 20 Uhr Konzert &#8222;Cathedral&#8220; mit Vitold Rek (Bass), Peter Reiter (Kirchenorgel) und Miriam Ast (Saxofone und Gesang), Eintritt frei. Vom 25. bis [&hellip;]<\/p>\n","protected":false},"author":1,"featured_media":0,"comment_status":"closed","ping_status":"closed","sticky":false,"template":"","format":"standard","meta":{"ngg_post_thumbnail":0,"footnotes":""},"categories":[1,3],"tags":[],"class_list":["post-2343","post","type-post","status-publish","format-standard","hentry","category-allgemein","category-archive"],"_links":{"self":[{"href":"https:\/\/www.klasseschwenk.de\/index.php?rest_route=\/wp\/v2\/posts\/2343","targetHints":{"allow":["GET"]}}],"collection":[{"href":"https:\/\/www.klasseschwenk.de\/index.php?rest_route=\/wp\/v2\/posts"}],"about":[{"href":"https:\/\/www.klasseschwenk.de\/index.php?rest_route=\/wp\/v2\/types\/post"}],"author":[{"embeddable":true,"href":"https:\/\/www.klasseschwenk.de\/index.php?rest_route=\/wp\/v2\/users\/1"}],"replies":[{"embeddable":true,"href":"https:\/\/www.klasseschwenk.de\/index.php?rest_route=%2Fwp%2Fv2%2Fcomments&post=2343"}],"version-history":[{"count":5,"href":"https:\/\/www.klasseschwenk.de\/index.php?rest_route=\/wp\/v2\/posts\/2343\/revisions"}],"predecessor-version":[{"id":2369,"href":"https:\/\/www.klasseschwenk.de\/index.php?rest_route=\/wp\/v2\/posts\/2343\/revisions\/2369"}],"wp:attachment":[{"href":"https:\/\/www.klasseschwenk.de\/index.php?rest_route=%2Fwp%2Fv2%2Fmedia&parent=2343"}],"wp:term":[{"taxonomy":"category","embeddable":true,"href":"https:\/\/www.klasseschwenk.de\/index.php?rest_route=%2Fwp%2Fv2%2Fcategories&post=2343"},{"taxonomy":"post_tag","embeddable":true,"href":"https:\/\/www.klasseschwenk.de\/index.php?rest_route=%2Fwp%2Fv2%2Ftags&post=2343"}],"curies":[{"name":"wp","href":"https:\/\/api.w.org\/{rel}","templated":true}]}}